{"id":11385,"date":"2025-05-13T15:06:42","date_gmt":"2025-05-13T13:06:42","guid":{"rendered":"https:\/\/svak.se\/?p=11385"},"modified":"2025-05-21T12:32:24","modified_gmt":"2025-05-21T10:32:24","slug":"arets-hojdpunkt-sovde-cup","status":"publish","type":"post","link":"https:\/\/svak.se\/index.php\/2025\/05\/13\/arets-hojdpunkt-sovde-cup\/","title":{"rendered":"\u00c5rets h\u00f6jdpunkt &#8211; S\u00f6vdem\u00f6lla Cup"},"content":{"rendered":"\n<div class=\"wp-block-group has-global-padding is-layout-constrained wp-block-group-is-layout-constrained\">\n<p>I helgen avgjordes S\u00f6vdem\u00f6lla Open &amp; Cup p\u00e5 en naturbana med bitvis oj\u00e4mn och tuff terr\u00e4ng, med flera dolda partier. Resultaten fr\u00e5n fredag och l\u00f6rdag IK2-banor summerades och de \u00e5tta b\u00e4sta ekipagen avslutade med en dubbelh\u00e4mtsfinal p\u00e5 s\u00f6ndagen.&nbsp;<\/p>\n\n\n\n<p>Efter detta kraftprov fr\u00e5n arrang\u00f6rssidan lett av Johanna N Johansson, som hade koll p\u00e5 det mesta, avslutades helgen med ett IK1 p\u00e5 s\u00f6ndagen.<\/p>\n\n\n\n<p>Domare p\u00e5 IK1 var Ann Blomkvist och p\u00e5 Cupen Karin S\u00f6derberg.<\/p>\n\n\n\n<figure data-wp-context=\"{&quot;imageId&quot;:&quot;69ee529e4be4e&quot;}\" data-wp-interactive=\"core\/image\" data-wp-key=\"69ee529e4be4e\" class=\"wp-block-image size-full wp-lightbox-container\"><img decoding=\"async\" width=\"1000\" height=\"633\" data-wp-class--hide=\"state.isContentHidden\" data-wp-class--show=\"state.isContentVisible\" data-wp-init=\"callbacks.setButtonStyles\" data-wp-on--click=\"actions.showLightbox\" data-wp-on--load=\"callbacks.setButtonStyles\" data-wp-on-window--resize=\"callbacks.setButtonStyles\" data-src=\"https:\/\/svak.se\/wp-content\/uploads\/2025\/05\/IMG_0200.jpeg\" alt=\"\" class=\"wp-image-11383 lazyload\" data-srcset=\"https:\/\/svak.se\/wp-content\/uploads\/2025\/05\/IMG_0200.jpeg 1000w, https:\/\/svak.se\/wp-content\/uploads\/2025\/05\/IMG_0200-300x190.jpeg 300w, https:\/\/svak.se\/wp-content\/uploads\/2025\/05\/IMG_0200-768x486.jpeg 768w\" data-sizes=\"(max-width: 1000px) 100vw, 1000px\" src=\"data:image\/svg+xml;base64,PHN2ZyB3aWR0aD0iMSIgaGVpZ2h0PSIxIiB4bWxucz0iaHR0cDovL3d3dy53My5vcmcvMjAwMC9zdmciPjwvc3ZnPg==\" style=\"--smush-placeholder-width: 1000px; --smush-placeholder-aspect-ratio: 1000\/633;\" \/><button\n\t\t\tclass=\"lightbox-trigger\"\n\t\t\ttype=\"button\"\n\t\t\taria-haspopup=\"dialog\"\n\t\t\taria-label=\"F\u00f6rstora\"\n\t\t\tdata-wp-init=\"callbacks.initTriggerButton\"\n\t\t\tdata-wp-on--click=\"actions.showLightbox\"\n\t\t\tdata-wp-style--right=\"state.imageButtonRight\"\n\t\t\tdata-wp-style--top=\"state.imageButtonTop\"\n\t\t>\n\t\t\t<svg xmlns=\"http:\/\/www.w3.org\/2000\/svg\" width=\"12\" height=\"12\" fill=\"none\" viewBox=\"0 0 12 12\">\n\t\t\t\t<path fill=\"#fff\" d=\"M2 0a2 2 0 0 0-2 2v2h1.5V2a.5.5 0 0 1 .5-.5h2V0H2Zm2 10.5H2a.5.5 0 0 1-.5-.5V8H0v2a2 2 0 0 0 2 2h2v-1.5ZM8 12v-1.5h2a.5.5 0 0 0 .5-.5V8H12v2a2 2 0 0 1-2 2H8Zm2-12a2 2 0 0 1 2 2v2h-1.5V2a.5.5 0 0 0-.5-.5H8V0h2Z\" \/>\n\t\t\t<\/svg>\n\t\t<\/button><figcaption class=\"wp-element-caption\">Finalg\u00e4nget p\u00e5 S\u00f6vdem\u00f6lla cup vid prisutdelningen.<\/figcaption><\/figure>\n\n\n\n<p>Sv\u00e5rt men utmanande tyckte alla som deltog i cupen.<\/p>\n\n\n\n<p>\u201dEtt toppenarrangemang, b\u00e5de cupen och IK1, j\u00e4mna fina flockar och s\u00e5 r\u00e4ttvist\u201d tyckte Carina Johansson som slutade tre i cup-finalen. Hon tyckte ocks\u00e5 att det hade g\u00e5tt \u00f6ver f\u00f6rv\u00e4ntan f\u00f6r egen del. Det var Carinas f\u00f6rsta bes\u00f6k i S\u00f6vde och hon kommer g\u00e4rna tillbaka.<\/p>\n\n\n\n<p>\u201dDet h\u00e4r den enda t\u00e4vling jag \u00e5ker p\u00e5 f\u00f6r att den \u00e4r s\u00e5 utmanande, nya utmaningar varje g\u00e5ng, sp\u00e4nnande,\u201d sa vinnaren av finalen, Mosse Magnusson. \u201dDet \u00e4r s\u00e5 v\u00e4larrangerat och prisbordet \u00e4r l\u00f6jligt bra, bilen \u00e4r full.\u201d Mosse var ocks\u00e5 sj\u00e4lvklart n\u00f6jd \u00f6ver vinsten.<\/p>\n\n\n\n<p>Emi Johansson beskrev cupen som \u201dj\u00e4tteroliga banor, utmanande\u201d.<\/p>\n\n\n\n<p>\u201dOtroligt bra f\u00f6r hundarna, v\u00e4ldigt utvecklande banor, bra sv\u00e5righeter, inga dumma sv\u00e5righeter, och j\u00e4ttefina arrangemang\u201d, tyckte Marianne Klima, som blev fyra i finalen.<\/p>\n\n\n\n<p>Sara Karlsson var med p\u00e5 IK1 och tyckte det var\u201d j\u00e4ttetrevlig atmosf\u00e4r och alla var hj\u00e4lpsamma\u201d. Hon var n\u00f6jd med sin hund men inte med sig sj\u00e4lv. \u201dJag f\u00e5r stressp\u00e5slag\u201d, men hon var medveten om att det bara kan bli b\u00e4ttre.<\/p>\n\n\n\n<p>\u201dFantastiskt bra gjort av Johanna och medhj\u00e4lpare\u201d sa Lena Margareta Persson. Det var debut i S\u00f6vde och hon visste ju att det var sv\u00e5rt och \u201djag var s\u00e5 n\u00f6jd med min hund som klarade h\u00e4mtet b\u00e5de f\u00f6rsta och andra dagen\u201d. N\u00f6jd och glad trots att resten inte gick s\u00e5 bra, och otroligt roligt att titta p\u00e5 finalen. \u201dVi kommer tillbaka!\u201d, avslutade Lena Margareta.<\/p>\n\n\n\n<p>\u201dTrevliga f\u00e5r, lugna och sansade, om man har en lugn hund\u201d, sa Agneta Rosengren med ett skratt, som deltog p\u00e5 IK1.<\/p>\n\n\n\n<p>\u201d\u00c5rets h\u00f6jdpunkt\u201d, tyckte Ann Blomkvist som d\u00f6mde IK1 och kom sjua i Cup-finalen.<\/p>\n\n\n\n<figure data-wp-context=\"{&quot;imageId&quot;:&quot;69ee529e4c51d&quot;}\" data-wp-interactive=\"core\/image\" data-wp-key=\"69ee529e4c51d\" class=\"wp-block-image size-full wp-lightbox-container\"><img decoding=\"async\" width=\"1000\" height=\"750\" data-wp-class--hide=\"state.isContentHidden\" data-wp-class--show=\"state.isContentVisible\" data-wp-init=\"callbacks.setButtonStyles\" data-wp-on--click=\"actions.showLightbox\" data-wp-on--load=\"callbacks.setButtonStyles\" data-wp-on-window--resize=\"callbacks.setButtonStyles\" data-src=\"https:\/\/svak.se\/wp-content\/uploads\/2025\/05\/IMG_0268.jpeg\" alt=\"Prisutdelning p\u00e5 IK1 i S\u00f6vde.\" class=\"wp-image-11384 lazyload\" data-srcset=\"https:\/\/svak.se\/wp-content\/uploads\/2025\/05\/IMG_0268.jpeg 1000w, https:\/\/svak.se\/wp-content\/uploads\/2025\/05\/IMG_0268-300x225.jpeg 300w, https:\/\/svak.se\/wp-content\/uploads\/2025\/05\/IMG_0268-768x576.jpeg 768w\" data-sizes=\"(max-width: 1000px) 100vw, 1000px\" src=\"data:image\/svg+xml;base64,PHN2ZyB3aWR0aD0iMSIgaGVpZ2h0PSIxIiB4bWxucz0iaHR0cDovL3d3dy53My5vcmcvMjAwMC9zdmciPjwvc3ZnPg==\" style=\"--smush-placeholder-width: 1000px; --smush-placeholder-aspect-ratio: 1000\/750;\" \/><button\n\t\t\tclass=\"lightbox-trigger\"\n\t\t\ttype=\"button\"\n\t\t\taria-haspopup=\"dialog\"\n\t\t\taria-label=\"F\u00f6rstora\"\n\t\t\tdata-wp-init=\"callbacks.initTriggerButton\"\n\t\t\tdata-wp-on--click=\"actions.showLightbox\"\n\t\t\tdata-wp-style--right=\"state.imageButtonRight\"\n\t\t\tdata-wp-style--top=\"state.imageButtonTop\"\n\t\t>\n\t\t\t<svg xmlns=\"http:\/\/www.w3.org\/2000\/svg\" width=\"12\" height=\"12\" fill=\"none\" viewBox=\"0 0 12 12\">\n\t\t\t\t<path fill=\"#fff\" d=\"M2 0a2 2 0 0 0-2 2v2h1.5V2a.5.5 0 0 1 .5-.5h2V0H2Zm2 10.5H2a.5.5 0 0 1-.5-.5V8H0v2a2 2 0 0 0 2 2h2v-1.5ZM8 12v-1.5h2a.5.5 0 0 0 .5-.5V8H12v2a2 2 0 0 1-2 2H8Zm2-12a2 2 0 0 1 2 2v2h-1.5V2a.5.5 0 0 0-.5-.5H8V0h2Z\" \/>\n\t\t\t<\/svg>\n\t\t<\/button><figcaption class=\"wp-element-caption\"><br>Prisutdelning p\u00e5 IK1 i S\u00f6vde.<\/figcaption><\/figure>\n\n\n\n<figure class=\"wp-block-table\"><table class=\"has-fixed-layout\"><tbody><tr><td>Placering<\/td><td>S\u00f6vdem\u00f6lla IK1<\/td><\/tr><tr><td>1<\/td><td>REGV1740\/2023 VALLHUNDEN LI | Johanna Nilsson Johansson | Sk\u00e5nes VK<\/td><\/tr><tr><td>2<\/td><td>REGV1144\/2023 ALL IN FOR CLYDE | Amanda Reneby | Sk\u00e5nes VK<\/td><\/tr><tr><td>3<\/td><td>REGV1311\/2024 TIMETOLEARN GIGI | Marianne Klima | Sk\u00e5nes VK<\/td><\/tr><tr><td>4<\/td><td>REGV1555\/2022 LANDALA ZIVA | Susan T\u00f6rncrantz Carlsson | Sk\u00e5nes VK<\/td><\/tr><tr><td>5<\/td><td>REGV1350\/2024 CMM\u2019S MIDDERRY B\u00c4ST | Carina Johansson | \u00d6sterg\u00f6tlands VK<\/td><\/tr><tr><td>6<\/td><td>REGV1341\/2023 STAYINFOCUS CHOCK | Emma Olsson | Blekinge VK<\/td><\/tr><\/tbody><\/table><\/figure>\n\n\n\n<figure class=\"wp-block-table\"><table class=\"has-fixed-layout\"><tbody><tr><td><br>Placering<\/td><td>Finalen S\u00f6vdem\u00f6lla Cup<\/td><\/tr><tr><td>1<\/td><td>REGV1897\/2020 BEACONS BADEN | Carl-Magnus Magnusson | \u00d6sterg\u00f6tlands VK<\/td><\/tr><tr><td>2<\/td><td>REGV1255\/2022 D\u00c1NAKIMS GILLY | Johanna Nilsson Johansson | Sk\u00e5nes VK<\/td><\/tr><tr><td>3<\/td><td>REGV1939\/2021 CMM\u2019S MIDDERRY DAN | Carina Johansson | \u00d6sterg\u00f6tlands VK<\/td><\/tr><tr><td>4<\/td><td>REGV1834\/2022 LEKEBERGAS JET | Marianne Klima | Sk\u00e5nes VK<\/td><\/tr><tr><td>5<\/td><td>REGV1359\/2018 FOR THE WIN DART | Lina Bording Nilsson | Sk\u00e5nes VK<\/td><\/tr><tr><td>6<\/td><td>REGV1319\/2019 VALLHUNDEN COLA | Tomas Westman | Sk\u00e5nes VK<\/td><\/tr><tr><td>7<\/td><td>REGV1414\/2024 KEMI SAMIE | Ann Blomkvist | Vallhundsringen<\/td><\/tr><tr><td>Diskades<\/td><td>REGV1036\/2016 FYHR\u2019S JOY-JOY | Andreas Eklund | Vallhundsringen<\/td><\/tr><\/tbody><\/table><\/figure>\n\n\n\n<p>Foto och text: Kicki Myrberg<\/p>\n<\/div>\n","protected":false},"excerpt":{"rendered":"<p>I helgen avgjordes S\u00f6vdem\u00f6lla Open &amp; Cup p\u00e5 en naturbana med bitvis oj\u00e4mn och tuff terr\u00e4ng, med flera dolda partier. Resultaten fr\u00e5n fredag och l\u00f6rdag IK2-banor summerades och de \u00e5tta b\u00e4sta ekipagen avslutade med en dubbelh\u00e4mtsfinal p\u00e5 s\u00f6ndagen.&nbsp; Efter detta kraftprov fr\u00e5n arrang\u00f6rssidan lett av Johanna N Johansson, som hade koll p\u00e5 det mesta, avslutades [&hellip;]<\/p>\n","protected":false},"author":2,"featured_media":11390,"comment_status":"closed","ping_status":"open","sticky":false,"template":"","format":"standard","meta":{"_view_id":"","footnotes":""},"categories":[3,4],"tags":[],"class_list":["post-11385","post","type-post","status-publish","format-standard","has-post-thumbnail","hentry","category-aktuellt","category-tavlingsinfo"],"_links":{"self":[{"href":"https:\/\/svak.se\/index.php\/wp-json\/wp\/v2\/posts\/11385","targetHints":{"allow":["GET"]}}],"collection":[{"href":"https:\/\/svak.se\/index.php\/wp-json\/wp\/v2\/posts"}],"about":[{"href":"https:\/\/svak.se\/index.php\/wp-json\/wp\/v2\/types\/post"}],"author":[{"embeddable":true,"href":"https:\/\/svak.se\/index.php\/wp-json\/wp\/v2\/users\/2"}],"replies":[{"embeddable":true,"href":"https:\/\/svak.se\/index.php\/wp-json\/wp\/v2\/comments?post=11385"}],"version-history":[{"count":6,"href":"https:\/\/svak.se\/index.php\/wp-json\/wp\/v2\/posts\/11385\/revisions"}],"predecessor-version":[{"id":11394,"href":"https:\/\/svak.se\/index.php\/wp-json\/wp\/v2\/posts\/11385\/revisions\/11394"}],"wp:featuredmedia":[{"embeddable":true,"href":"https:\/\/svak.se\/index.php\/wp-json\/wp\/v2\/media\/11390"}],"wp:attachment":[{"href":"https:\/\/svak.se\/index.php\/wp-json\/wp\/v2\/media?parent=11385"}],"wp:term":[{"taxonomy":"category","embeddable":true,"href":"https:\/\/svak.se\/index.php\/wp-json\/wp\/v2\/categories?post=11385"},{"taxonomy":"post_tag","embeddable":true,"href":"https:\/\/svak.se\/index.php\/wp-json\/wp\/v2\/tags?post=11385"}],"curies":[{"name":"wp","href":"https:\/\/api.w.org\/{rel}","templated":true}]}}