{"id":11077,"date":"2025-01-19T07:16:19","date_gmt":"2025-01-19T07:16:19","guid":{"rendered":"https:\/\/svak.se\/?p=11077"},"modified":"2025-02-02T16:38:27","modified_gmt":"2025-02-02T16:38:27","slug":"svaks-fullmaktigemote-30-3-2025","status":"publish","type":"post","link":"https:\/\/svak.se\/index.php\/2025\/01\/19\/svaks-fullmaktigemote-30-3-2025\/","title":{"rendered":"SVaKs fullm\u00e4ktigem\u00f6te 30\/3 2025"},"content":{"rendered":"\n<div class=\"wp-block-group has-global-padding is-layout-constrained wp-block-group-is-layout-constrained\">\n<p><strong>SVaKs fullm\u00e4ktigem\u00f6te h\u00e5lls digitalt den 30\/3 2025 KL 10,00.<\/strong><\/p>\n\n\n\n<p>Kallelsen&nbsp;finns i filarkivet och med antal delegater ni har i respektive klubb.<\/p>\n\n\n\n<p>Delegater h\u00e4lsas v\u00e4lkomna till fullm\u00e4ktige via Zoom.<\/p>\n\n\n\n<p>Klubbens delegater samt ers\u00e4ttare anm\u00e4ls med namn, e-post och telefonnummer.<\/p>\n\n\n\n<p>Anm\u00e4lan skickas till fam.warnqvsist@telia.com <br>senast 14\/3 , och ih\u00e5g att delegaterna m\u00e5sta betala \u00e5rets medlemsavgift i s\u00e5 god tid att det registreras i Vallreg innan fullm\u00e4ktige.<\/p>\n\n\n\n<p>Lokalklubb ska \u00e4ven skicka in \u00e5rsber\u00e4ttelse 2024, verksamhetsplan 2025, resultat- och balansrapport 2024 och \u00e5rsm\u00f6tesprotokoll f\u00f6r verksamhets\u00e5ret 2024, senast en m\u00e5nad efter lokalklubbens \u00e5rsm\u00f6te.<\/p>\n\n\n\n<p><em>Styrelsen vill i \u00e5r att ni som klubb f\u00e5r skriva in till&nbsp;styrelsen och motivera varf\u00f6r just er lokal klubb ska bli \u00e5rets klubb, b\u00e4sta motiveringen blir prisad med 5000:- av SVaK.&nbsp;<\/em><\/p>\n\n\n\n<p><em>Skriv en motivering&nbsp;till&nbsp;<a href=\"mailto:katia.maines@gmail.com\" target=\"_blank\" rel=\"noreferrer noopener\">katia.maines@gmail.co<\/a> senast den 24\/2-2025.<\/em><\/p>\n<\/div>\n","protected":false},"excerpt":{"rendered":"<p>SVaKs fullm\u00e4ktigem\u00f6te h\u00e5lls digitalt den 30\/3 2025 KL 10,00. Kallelsen&nbsp;finns i filarkivet och med antal delegater ni har i respektive klubb. Delegater h\u00e4lsas v\u00e4lkomna till fullm\u00e4ktige via Zoom. Klubbens delegater samt ers\u00e4ttare anm\u00e4ls med namn, e-post och telefonnummer. Anm\u00e4lan skickas till fam.warnqvsist@telia.com senast 14\/3 , och ih\u00e5g att delegaterna m\u00e5sta betala \u00e5rets medlemsavgift i s\u00e5 [&hellip;]<\/p>\n","protected":false},"author":10,"featured_media":154,"comment_status":"closed","ping_status":"open","sticky":false,"template":"","format":"standard","meta":{"_view_id":"","footnotes":""},"categories":[3,7],"tags":[],"class_list":["post-11077","post","type-post","status-publish","format-standard","has-post-thumbnail","hentry","category-aktuellt","category-klubben"],"_links":{"self":[{"href":"https:\/\/svak.se\/index.php\/wp-json\/wp\/v2\/posts\/11077","targetHints":{"allow":["GET"]}}],"collection":[{"href":"https:\/\/svak.se\/index.php\/wp-json\/wp\/v2\/posts"}],"about":[{"href":"https:\/\/svak.se\/index.php\/wp-json\/wp\/v2\/types\/post"}],"author":[{"embeddable":true,"href":"https:\/\/svak.se\/index.php\/wp-json\/wp\/v2\/users\/10"}],"replies":[{"embeddable":true,"href":"https:\/\/svak.se\/index.php\/wp-json\/wp\/v2\/comments?post=11077"}],"version-history":[{"count":3,"href":"https:\/\/svak.se\/index.php\/wp-json\/wp\/v2\/posts\/11077\/revisions"}],"predecessor-version":[{"id":11209,"href":"https:\/\/svak.se\/index.php\/wp-json\/wp\/v2\/posts\/11077\/revisions\/11209"}],"wp:featuredmedia":[{"embeddable":true,"href":"https:\/\/svak.se\/index.php\/wp-json\/wp\/v2\/media\/154"}],"wp:attachment":[{"href":"https:\/\/svak.se\/index.php\/wp-json\/wp\/v2\/media?parent=11077"}],"wp:term":[{"taxonomy":"category","embeddable":true,"href":"https:\/\/svak.se\/index.php\/wp-json\/wp\/v2\/categories?post=11077"},{"taxonomy":"post_tag","embeddable":true,"href":"https:\/\/svak.se\/index.php\/wp-json\/wp\/v2\/tags?post=11077"}],"curies":[{"name":"wp","href":"https:\/\/api.w.org\/{rel}","templated":true}]}}