{"id":10882,"date":"2024-11-17T10:29:55","date_gmt":"2024-11-17T09:29:55","guid":{"rendered":"http:\/\/www.svak.se\/?p=10260"},"modified":"2025-11-05T10:09:52","modified_gmt":"2025-11-05T09:09:52","slug":"ordforanden-har-ordet","status":"publish","type":"post","link":"https:\/\/svak.se\/index.php\/2024\/11\/17\/ordforanden-har-ordet\/","title":{"rendered":"Ordf\u00f6randen har ordet"},"content":{"rendered":"\n<p>Hejsan alla trevliga medlemmar!<\/p>\n\n\n\n<p><\/p>\n\n\n\n<p>Detta \u00e5r har bara g\u00e5tt i en rasande fart om ni fr\u00e5gar mig, dock inte slut \u00e4nnu. Och jag har varit slarvig att inte skriva ordf\u00f6rande ordet eftersom vi inte har n\u00e5gon tidning. Vi funderade l\u00e4nge o v\u00e4l p\u00e5 en digital tidning men det kr\u00e4vs \u00e5terigen en ansvarig som kan samla ihop material om det ska fungera. S\u00e5 \u00e4r det n\u00e5gon h\u00e4r nu som k\u00e4nner sig manad till att anamma denna uppgift s\u00e5 h\u00f6r bara av er till n\u00e5gon i styrelsen.<\/p>\n\n\n\n<p>T\u00e4vlingarna har det varit full fart p\u00e5 och vi har haft fina internationella framg\u00e5ngar b\u00e5de p\u00e5 f\u00e5rsidan och n\u00f6tsidan, det \u00e4r v\u00e4ldigt kul n\u00e4r Sverige visar sig i framkanten. N\u00e4r det nu g\u00e4ller EM f\u00e5r s\u00e5 arbetar vi p\u00e5 bred front f\u00f6r att f\u00e5 tillbaka v\u00e5r beh\u00f6righet f\u00f6r att f\u00e5 t\u00e4vla igen p\u00e5 denna niv\u00e5.<\/p>\n\n\n\n<p>N\u00e4r det g\u00e4ller UBK s\u00e5 ser de nu \u00f6ver om varf\u00f6r det blir f\u00f6r f\u00e5 anm\u00e4lda till instrukt\u00f6rskurserna, det blir ju s\u00e5 tr\u00e5kigt f\u00f6r de som anm\u00e4ler sig f\u00f6r att g\u00e5, och som ser fram emot att f\u00e5 g\u00e5 kursen. Vi hoppas snart p\u00e5 en bra l\u00f6sning.<\/p>\n\n\n\n<p>Gl\u00f6m inte att i filarkivet finns det protokoll att l\u00e4sa s\u00e5 att ni som medlem kan h\u00e4nga med i vad de olika kommitt\u00e9erna arbetar med.<\/p>\n\n\n\n<p>T\u00e4vlingsledarutbildarna \u00e4r p\u00e5 g\u00e5ng att f\u00e5 sig en uppdatering, d\u00e4r alla papper nu ska vara uppdaterade. Det har konstaterats att det beh\u00f6vs st\u00f6ttning idag till m\u00e5nga utbildade t\u00e4vlingsledare d\u00e5 de t\u00e4vlande inte riktigt kan uppf\u00f6ra sig p\u00e5 banan, eller utanf\u00f6r. Med handen p\u00e5 hj\u00e4rtat s\u00e5 ska det absolut inte beh\u00f6vas. Vi kan alla ha en d\u00e5lig dag, men det \u00e4r ingen urs\u00e4kt att l\u00e5ta detta g\u00e5 ut \u00f6ver n\u00e5gon funktion\u00e4r eller domare. PUNKT\u2026\u2026.<\/p>\n\n\n\n<p>Elmia m\u00e4ssan \u00e4r v\u00e4ldigt uppskattad med v\u00e5r monter och vallhundsuppvisningar som Sm\u00e5lands VK fixar, det var stor uppslutning p\u00e5 vallningen och en hel del fr\u00e5gor, vilket \u00e4r roligt och givande. &nbsp;N\u00e4sta m\u00e4ssa nu \u00e4r i Stockholm den 14\/15 december, p\u00e5 Stockholm Hund M\u00e4ssa, d\u00e4r kommer Upplands VK att st\u00e5 i montern f\u00f6r att g\u00f6ra reklam f\u00f6r SVaK tillsammans med SWKK. I framtiden om m\u00f6jligt kanske vi \u00e4ven kan f\u00e5 in lite vallhunds uppvisning d\u00e4r.<\/p>\n\n\n\n<p>Regelboksgruppen har nu f\u00e5tt in synpunkter till regelboken och ser nu \u00f6ver detta, n\u00e4sta drag blir.&nbsp;&nbsp;&nbsp; Maj -Oktober 2025 g\u00e5r regelboken ut till lokalklubbarna som f\u00e5r m\u00f6jlighet att ha synpunkter. Mer \u00f6ppet \u00e4n s\u00e5 h\u00e4r kan det inte bli.<\/p>\n\n\n\n<p>Jag \u00e4r s\u00e5 tacksam och m\u00e5ste ocks\u00e5 ber\u00f6mma styrelsen som har k\u00e4mpat med mig denna period, det har varit jobbigt, men vi har varit och \u00e4r starka tillsammans, och med olika t\u00e4nk s\u00e5 g\u00e5r det fram\u00e5t.&nbsp;&nbsp; &nbsp;&nbsp;Till sist vill jag meddela er att jag st\u00e4ller mig till f\u00f6rfogande som ordf\u00f6rande i SVaK \u00e4ven 2025 om ingen annan vill ha platsen f\u00f6rst\u00e5s \ud83d\ude09.<\/p>\n\n\n\n<p>Ha en trevlig fortsatt h\u00f6st och s\u00e5 \u00f6nskar jag er en mysig advent med alla era fyrbenta<\/p>\n\n\n\n<p>Er ordf\u00f6rande Aili Bergsj\u00f6<\/p>\n","protected":false},"excerpt":{"rendered":"<p>Hejsan alla trevliga medlemmar! Detta \u00e5r har bara g\u00e5tt i en rasande fart om ni fr\u00e5gar mig, dock inte slut \u00e4nnu. Och jag har varit slarvig att inte skriva ordf\u00f6rande ordet eftersom vi inte har n\u00e5gon tidning. Vi funderade l\u00e4nge o v\u00e4l p\u00e5 en digital tidning men det kr\u00e4vs \u00e5terigen en ansvarig som kan samla [&hellip;]<\/p>\n","protected":false},"author":2,"featured_media":10877,"comment_status":"closed","ping_status":"closed","sticky":false,"template":"","format":"standard","meta":{"_view_id":"","footnotes":""},"categories":[7],"tags":[],"class_list":["post-10882","post","type-post","status-publish","format-standard","has-post-thumbnail","hentry","category-klubben"],"_links":{"self":[{"href":"https:\/\/svak.se\/index.php\/wp-json\/wp\/v2\/posts\/10882","targetHints":{"allow":["GET"]}}],"collection":[{"href":"https:\/\/svak.se\/index.php\/wp-json\/wp\/v2\/posts"}],"about":[{"href":"https:\/\/svak.se\/index.php\/wp-json\/wp\/v2\/types\/post"}],"author":[{"embeddable":true,"href":"https:\/\/svak.se\/index.php\/wp-json\/wp\/v2\/users\/2"}],"replies":[{"embeddable":true,"href":"https:\/\/svak.se\/index.php\/wp-json\/wp\/v2\/comments?post=10882"}],"version-history":[{"count":3,"href":"https:\/\/svak.se\/index.php\/wp-json\/wp\/v2\/posts\/10882\/revisions"}],"predecessor-version":[{"id":10888,"href":"https:\/\/svak.se\/index.php\/wp-json\/wp\/v2\/posts\/10882\/revisions\/10888"}],"wp:featuredmedia":[{"embeddable":true,"href":"https:\/\/svak.se\/index.php\/wp-json\/wp\/v2\/media\/10877"}],"wp:attachment":[{"href":"https:\/\/svak.se\/index.php\/wp-json\/wp\/v2\/media?parent=10882"}],"wp:term":[{"taxonomy":"category","embeddable":true,"href":"https:\/\/svak.se\/index.php\/wp-json\/wp\/v2\/categories?post=10882"},{"taxonomy":"post_tag","embeddable":true,"href":"https:\/\/svak.se\/index.php\/wp-json\/wp\/v2\/tags?post=10882"}],"curies":[{"name":"wp","href":"https:\/\/api.w.org\/{rel}","templated":true}]}}